{"id":18675,"date":"2018-08-31T10:41:52","date_gmt":"2018-08-31T08:41:52","guid":{"rendered":"http:\/\/www.femininemoments.dk\/blog\/?p=18675"},"modified":"2020-05-19T09:18:08","modified_gmt":"2020-05-19T07:18:08","slug":"daria-ivanova-tombee-des-nu-e-s","status":"publish","type":"post","link":"https:\/\/www.femininemoments.dk\/blog\/daria-ivanova-tombee-des-nu-e-s\/","title":{"rendered":"Daria Ivanova: &#8216;Tomb\u00e9e des nu.e.s&#8217;"},"content":{"rendered":"<p><em>Press release from facebook<\/em><\/p>\n<p><img loading=\"lazy\" decoding=\"async\" src=\"http:\/\/www.femininemoments.dk\/blog\/wp-content\/uploads\/2018\/08\/Pressphoto_DariaIvanova.jpg\" alt=\"copyright Daria Ivanova\" width=\"960\" height=\"742\" class=\"alignnone size-full wp-image-18676\" srcset=\"https:\/\/www.femininemoments.dk\/blog\/wp-content\/uploads\/2018\/08\/Pressphoto_DariaIvanova.jpg 960w, https:\/\/www.femininemoments.dk\/blog\/wp-content\/uploads\/2018\/08\/Pressphoto_DariaIvanova-300x232.jpg 300w, https:\/\/www.femininemoments.dk\/blog\/wp-content\/uploads\/2018\/08\/Pressphoto_DariaIvanova-768x594.jpg 768w, https:\/\/www.femininemoments.dk\/blog\/wp-content\/uploads\/2018\/08\/Pressphoto_DariaIvanova-600x464.jpg 600w, https:\/\/www.femininemoments.dk\/blog\/wp-content\/uploads\/2018\/08\/Pressphoto_DariaIvanova-700x541.jpg 700w, https:\/\/www.femininemoments.dk\/blog\/wp-content\/uploads\/2018\/08\/Pressphoto_DariaIvanova-332x257.jpg 332w\" sizes=\"auto, (max-width: 960px) 100vw, 960px\" \/><br \/>\n<em>An artwork by Daria Ivanova.<\/em><\/p>\n<p>Opening: Daria Ivanova: <em>Tomb\u00e9e des nu.e.s<\/em><br \/>\nSeptember 8, 2018 at 19:00-23:00<br \/>\nLibrairie Violette and Co<br \/>\n102 rue de Charonne, 75011 Paris, France.<br \/>\nThe exhibition runs from September 8 &#8211; October 7, 2018.<\/p>\n<h2>Artist Statement<\/h2>\n<p>Artist Statement (in French) by Daria Ivanona, &#8220;Artiste queer f\u00e9ministe, je suis \u00e0 la fois graphiste, cin\u00e9aste et photographe, et j&#8217;oeuvre dans les domaines de l&#8217;art brut, de l&#8217;art expressionniste et de l&#8217;art exp\u00e9rimental.<\/p>\n<p>L&#8217;esth\u00e9tique importe pour moi autant que la symbolique &#8211; les jeux de lumi\u00e8res et d&#8217;ombres, l&#8217;interaction des diff\u00e9rentes couleurs, le rythme de l&#8217;image&#8230; &#8211; et tout autant que l&#8217;histoire que je raconte. Mes \u0153uvres sont produites \u00e0 partir de l&#8217;imaginaire, de fantasmes, de r\u00eaves et de souvenirs. Mon art est autobiographique d&#8217;o\u00f9 le nombre important d&#8217;autoportraits. J&#8217;aborde principalement les th\u00e8mes du trouble mental et du monde upside down qui transgresse la fronti\u00e8re entre \u00ab normalit\u00e9 \u00bb et \u00ab folie \u00bb. <\/p>\n<p>Borderline et psychiatris\u00e9e, j&#8217;utilise mon art comme th\u00e9rapie personnelle. Cela m&#8217;aide \u00e0 \u00e9vacuer certains sentiments obscurs et \u00e0 partager avec d&#8217;autres des \u00e9motions qui ne peuvent s&#8217;exprimer aussi bien par des mots.<\/p>\n<p>La port\u00e9e politique et militante de l&#8217;art est pour moi primordiale. Je consid\u00e8re l&#8217;art visuel comme une invitation \u00e0 la r\u00e9flexion, \u00e0 l&#8217;\u00e9change et \u00e0 la discussion. Je traite en cela de la sexualit\u00e9, une sexualit\u00e9 qui n&#8217;entre pas dans les sch\u00e8mes classiques de la norme h\u00e9t\u00e9ropatriarcale. <\/p>\n<p>Le nu, tr\u00e8s pr\u00e9sent dans mes \u0153uvres, traverse l&#8217;ensemble de ces pr\u00e9occupations. J&#8217;aime le corps d\u00e9form\u00e9, tendu, \u00e9cras\u00e9, tordu. Nu, alors d\u00e9masqu\u00e9, alors vuln\u00e9rable. J&#8217;aime le corps laid, non conforme, bizarre. Le corps qui refl\u00e8te ce que les gens appellent \u00abla folie\u00bb, qui refl\u00e8te la souffrance. Je pense que mes nu.e.s m\u2019obs\u00e8dent parce qu&#8217;ielles visibilisent facilement une disharmonie int\u00e9rieur cach\u00e9e.<\/p>\n<p>Mes oeuvres sont ainsi autant de miroirs dans les reflets desquels d&#8217;autres, je l&#8217;esp\u00e8re, se reconnaitront.&#8221;<\/p>\n","protected":false},"excerpt":{"rendered":"<p>Opening of Daria Ivanova: &#8216;Tomb\u00e9e des nu.e.s&#8217; on September 8, 2018 at 19:00-23:00, Librairie Violette and Co, 102 rue de Charonne, 75011 Paris, France.  The exhibition runs from September 8 until October 7, 2018.<\/p>\n","protected":false},"author":1,"featured_media":18676,"comment_status":"closed","ping_status":"closed","sticky":false,"template":"","format":"standard","meta":{"footnotes":""},"categories":[521],"tags":[1254],"class_list":["post-18675","post","type-post","status-publish","format-standard","has-post-thumbnail","hentry","category-works-on-paper","tag-daria-ivanona"],"aioseo_notices":[],"_links":{"self":[{"href":"https:\/\/www.femininemoments.dk\/blog\/wp-json\/wp\/v2\/posts\/18675","targetHints":{"allow":["GET"]}}],"collection":[{"href":"https:\/\/www.femininemoments.dk\/blog\/wp-json\/wp\/v2\/posts"}],"about":[{"href":"https:\/\/www.femininemoments.dk\/blog\/wp-json\/wp\/v2\/types\/post"}],"author":[{"embeddable":true,"href":"https:\/\/www.femininemoments.dk\/blog\/wp-json\/wp\/v2\/users\/1"}],"replies":[{"embeddable":true,"href":"https:\/\/www.femininemoments.dk\/blog\/wp-json\/wp\/v2\/comments?post=18675"}],"version-history":[{"count":0,"href":"https:\/\/www.femininemoments.dk\/blog\/wp-json\/wp\/v2\/posts\/18675\/revisions"}],"wp:featuredmedia":[{"embeddable":true,"href":"https:\/\/www.femininemoments.dk\/blog\/wp-json\/wp\/v2\/media\/18676"}],"wp:attachment":[{"href":"https:\/\/www.femininemoments.dk\/blog\/wp-json\/wp\/v2\/media?parent=18675"}],"wp:term":[{"taxonomy":"category","embeddable":true,"href":"https:\/\/www.femininemoments.dk\/blog\/wp-json\/wp\/v2\/categories?post=18675"},{"taxonomy":"post_tag","embeddable":true,"href":"https:\/\/www.femininemoments.dk\/blog\/wp-json\/wp\/v2\/tags?post=18675"}],"curies":[{"name":"wp","href":"https:\/\/api.w.org\/{rel}","templated":true}]}}