{"id":24389,"date":"2023-01-22T17:20:35","date_gmt":"2023-01-22T15:20:35","guid":{"rendered":"https:\/\/www.femininemoments.dk\/blog\/?p=24389"},"modified":"2023-01-25T19:00:12","modified_gmt":"2023-01-25T17:00:12","slug":"kopfe-kusse-kampfe-nicoleeisenman-und-die-modernen","status":"publish","type":"post","link":"https:\/\/www.femininemoments.dk\/blog\/kopfe-kusse-kampfe-nicoleeisenman-und-die-modernen\/","title":{"rendered":"K\u00f6pfe, K\u00fcsse, K\u00e4mpfe &#8211; Nicole Eisenman und die Modernen"},"content":{"rendered":"<p><iframe loading=\"lazy\" width=\"700\" height=\"450\" src=\"https:\/\/www.youtube.com\/embed\/sl7Os4-kZEo\" title=\"YouTube video player\" frameborder=\"0\" allow=\"accelerometer; autoplay; clipboard-write; encrypted-media; gyroscope; picture-in-picture; web-share\" allowfullscreen><\/iframe><\/p>\n<p>Video (3:55): &#8216;<a href=\"https:\/\/www.aargauerkunsthaus.ch\/ausstellungen\/rueckschau\/2022\/674\" title=\"K\u00f6pfe, K\u00fcsse, K\u00e4mpfe - Nicole Eisenman und die Modernen\" rel=\"noopener\" target=\"_blank\">K\u00f6pfe, K\u00fcsse, K\u00e4mpfe &#8211; Nicole Eisenman und die Modernen<\/a>&#8216; at Aargauer Kunsthaus, Switzerland 29.1.\u00ad \u2013 24.4.2022. Curator Katharina Ammann talks about the show. The exhibition tour is in German, no subtitles. <\/p>\n<p><a href=\"https:\/\/www.kunstmuseum.nl\/en\/exhibitions\/nicole-eisenman\" title=\"Nicole Eisenman &#038; THE MODERNS\" rel=\"noopener\" target=\"_blank\">The show<\/a> is now on display at Kunstmuseum Den Haag in Holland through February 12 2023.<\/p>\n<p><em>[The copyright of the above video remains with the original holder and it is used here for the purpose of education, comparison and criticism only.]<\/em><\/p>\n<h2>Related Link<\/h2>\n<p><a href=\"https:\/\/www.hauserwirth.com\/artists\/26346-nicole-eisenman\/\" rel=\"noopener\" target=\"_blank\">Nicole Eisenman&#8217;s biography<\/a> on Hauser &#038; Wirth&#8217;s website<\/p>\n","protected":false},"excerpt":{"rendered":"<p>Video (3:55) K\u00f6pfe, K\u00fcsse, K\u00e4mpfe &#8211; Nicole Eisenman und die Modernen at Aargauer Kunsthaus 29.1.\u00ad \u2013 24.4.2022.  The show is now on display at Kunstmuseum Den Haag, in Holland through February 12 2023.<\/p>\n","protected":false},"author":1,"featured_media":24390,"comment_status":"closed","ping_status":"closed","sticky":false,"template":"","format":"standard","meta":{"footnotes":""},"categories":[1508,1507],"tags":[314],"class_list":["post-24389","post","type-post","status-publish","format-standard","has-post-thumbnail","hentry","category-birthes-pick","category-switzerland","tag-nicole-eisenman"],"aioseo_notices":[],"_links":{"self":[{"href":"https:\/\/www.femininemoments.dk\/blog\/wp-json\/wp\/v2\/posts\/24389","targetHints":{"allow":["GET"]}}],"collection":[{"href":"https:\/\/www.femininemoments.dk\/blog\/wp-json\/wp\/v2\/posts"}],"about":[{"href":"https:\/\/www.femininemoments.dk\/blog\/wp-json\/wp\/v2\/types\/post"}],"author":[{"embeddable":true,"href":"https:\/\/www.femininemoments.dk\/blog\/wp-json\/wp\/v2\/users\/1"}],"replies":[{"embeddable":true,"href":"https:\/\/www.femininemoments.dk\/blog\/wp-json\/wp\/v2\/comments?post=24389"}],"version-history":[{"count":0,"href":"https:\/\/www.femininemoments.dk\/blog\/wp-json\/wp\/v2\/posts\/24389\/revisions"}],"wp:featuredmedia":[{"embeddable":true,"href":"https:\/\/www.femininemoments.dk\/blog\/wp-json\/wp\/v2\/media\/24390"}],"wp:attachment":[{"href":"https:\/\/www.femininemoments.dk\/blog\/wp-json\/wp\/v2\/media?parent=24389"}],"wp:term":[{"taxonomy":"category","embeddable":true,"href":"https:\/\/www.femininemoments.dk\/blog\/wp-json\/wp\/v2\/categories?post=24389"},{"taxonomy":"post_tag","embeddable":true,"href":"https:\/\/www.femininemoments.dk\/blog\/wp-json\/wp\/v2\/tags?post=24389"}],"curies":[{"name":"wp","href":"https:\/\/api.w.org\/{rel}","templated":true}]}}